{"id":326,"date":"2016-01-03T20:31:15","date_gmt":"2016-01-03T19:31:15","guid":{"rendered":"http:\/\/www.klokkarvik.no\/?p=326"},"modified":"2016-01-03T20:31:15","modified_gmt":"2016-01-03T19:31:15","slug":"veten-januar-2016","status":"publish","type":"post","link":"https:\/\/www.klokkarvik.no\/?p=326","title":{"rendered":"Veten Januar 2016"},"content":{"rendered":"<p>Me tok oss ein tur til fjells for \u00e5 sj\u00e5 p\u00e5 den nye kikkerten og Lyrakompasset.<\/p>\n<p><a href=\"http:\/\/klokkarvik.no\/wp-content\/uploads\/2016\/01\/Parti-fra-veten.jpg\" rel=\"attachment wp-att-327\"><img loading=\"lazy\" decoding=\"async\" class=\"alignnone size-large wp-image-327\" src=\"http:\/\/klokkarvik.no\/wp-content\/uploads\/2016\/01\/Parti-fra-veten-1024x683.jpg\" alt=\"Parti-fra-veten\" width=\"1024\" height=\"683\" srcset=\"https:\/\/www.klokkarvik.no\/wp-content\/uploads\/2016\/01\/Parti-fra-veten-1024x683.jpg 1024w, https:\/\/www.klokkarvik.no\/wp-content\/uploads\/2016\/01\/Parti-fra-veten-300x200.jpg 300w, https:\/\/www.klokkarvik.no\/wp-content\/uploads\/2016\/01\/Parti-fra-veten-768x512.jpg 768w, https:\/\/www.klokkarvik.no\/wp-content\/uploads\/2016\/01\/Parti-fra-veten-272x182.jpg 272w\" sizes=\"auto, (max-width: 1024px) 100vw, 1024px\" \/><\/a><\/p>\n<p>Les meir under for \u00e5 sj\u00e5 bilder fr\u00e5 turen:<\/p>\n<p><!--more--><\/p>\n<p><a href=\"http:\/\/klokkarvik.no\/wp-content\/uploads\/2016\/01\/Flymotor.jpg\" rel=\"attachment wp-att-329\"><img loading=\"lazy\" decoding=\"async\" class=\"alignnone size-large wp-image-329\" src=\"http:\/\/klokkarvik.no\/wp-content\/uploads\/2016\/01\/Flymotor-1024x683.jpg\" alt=\"Flymotor\" width=\"1024\" height=\"683\" srcset=\"https:\/\/www.klokkarvik.no\/wp-content\/uploads\/2016\/01\/Flymotor-1024x683.jpg 1024w, https:\/\/www.klokkarvik.no\/wp-content\/uploads\/2016\/01\/Flymotor-300x200.jpg 300w, https:\/\/www.klokkarvik.no\/wp-content\/uploads\/2016\/01\/Flymotor-768x512.jpg 768w, https:\/\/www.klokkarvik.no\/wp-content\/uploads\/2016\/01\/Flymotor-272x182.jpg 272w\" sizes=\"auto, (max-width: 1024px) 100vw, 1024px\" \/><\/a><\/p>\n<p style=\"text-align: center;\"><strong><em>Minnestavla fr\u00e5 flyulykka med motoren fr\u00e5 Catalina-flyet.<\/em><\/strong><\/p>\n<p>&nbsp;<\/p>\n<p><a href=\"http:\/\/klokkarvik.no\/wp-content\/uploads\/2016\/01\/Kikkerten-p\u00e5-veten.jpg\" rel=\"attachment wp-att-330\"><img loading=\"lazy\" decoding=\"async\" class=\"alignnone size-large wp-image-330\" src=\"http:\/\/klokkarvik.no\/wp-content\/uploads\/2016\/01\/Kikkerten-p\u00e5-veten-1024x683.jpg\" alt=\"Kikkerten-p\u00e5-veten\" width=\"1024\" height=\"683\" srcset=\"https:\/\/www.klokkarvik.no\/wp-content\/uploads\/2016\/01\/Kikkerten-p\u00e5-veten-1024x683.jpg 1024w, https:\/\/www.klokkarvik.no\/wp-content\/uploads\/2016\/01\/Kikkerten-p\u00e5-veten-300x200.jpg 300w, https:\/\/www.klokkarvik.no\/wp-content\/uploads\/2016\/01\/Kikkerten-p\u00e5-veten-768x512.jpg 768w, https:\/\/www.klokkarvik.no\/wp-content\/uploads\/2016\/01\/Kikkerten-p\u00e5-veten-272x182.jpg 272w\" sizes=\"auto, (max-width: 1024px) 100vw, 1024px\" \/><\/a><\/p>\n<p style=\"text-align: center;\"><em>Den nye kikkerten er eit flott tilvekst til \u00e5 ta bygdene i n\u00e6rare syn fr\u00e5 kommunens h\u00f8gaste punkt.<\/em><\/p>\n<p style=\"text-align: center;\"><a href=\"http:\/\/klokkarvik.no\/wp-content\/uploads\/2016\/01\/Lyrakompass.jpg\" rel=\"attachment wp-att-331\"><img loading=\"lazy\" decoding=\"async\" class=\"alignnone size-large wp-image-331\" src=\"http:\/\/klokkarvik.no\/wp-content\/uploads\/2016\/01\/Lyrakompass-1024x683.jpg\" alt=\"Lyrakompass\" width=\"1024\" height=\"683\" srcset=\"https:\/\/www.klokkarvik.no\/wp-content\/uploads\/2016\/01\/Lyrakompass-1024x683.jpg 1024w, https:\/\/www.klokkarvik.no\/wp-content\/uploads\/2016\/01\/Lyrakompass-300x200.jpg 300w, https:\/\/www.klokkarvik.no\/wp-content\/uploads\/2016\/01\/Lyrakompass-768x512.jpg 768w, https:\/\/www.klokkarvik.no\/wp-content\/uploads\/2016\/01\/Lyrakompass-272x182.jpg 272w\" sizes=\"auto, (max-width: 1024px) 100vw, 1024px\" \/><\/a><\/p>\n<p style=\"text-align: center;\"><em><strong>Det nye Lyrakompasset er ei flott gave fr\u00e5 Sund kommune, Sparebanken Vest og Sund Turlag. Det heng og kart med oppslag p\u00e5 telehytta.\u00a0<\/strong><\/em><\/p>\n<p style=\"text-align: center;\"><a href=\"http:\/\/klokkarvik.no\/wp-content\/uploads\/2016\/01\/Utsikt-fr\u00e5-veten2.jpg\" rel=\"attachment wp-att-332\"><img loading=\"lazy\" decoding=\"async\" class=\"alignnone size-large wp-image-332\" src=\"http:\/\/klokkarvik.no\/wp-content\/uploads\/2016\/01\/Utsikt-fr\u00e5-veten2-1024x484.jpg\" alt=\"Utsikt-fr\u00e5-veten2\" width=\"1024\" height=\"484\" srcset=\"https:\/\/www.klokkarvik.no\/wp-content\/uploads\/2016\/01\/Utsikt-fr\u00e5-veten2-1024x484.jpg 1024w, https:\/\/www.klokkarvik.no\/wp-content\/uploads\/2016\/01\/Utsikt-fr\u00e5-veten2-300x142.jpg 300w, https:\/\/www.klokkarvik.no\/wp-content\/uploads\/2016\/01\/Utsikt-fr\u00e5-veten2-768x363.jpg 768w\" sizes=\"auto, (max-width: 1024px) 100vw, 1024px\" \/><\/a><\/p>\n<p style=\"text-align: center;\"><em><strong>Litt av utsikten ein kan nytte kikkerten p\u00e5<\/strong><\/em><\/p>\n<p style=\"text-align: center;\"><a href=\"http:\/\/klokkarvik.no\/wp-content\/uploads\/2016\/01\/Skilt.jpg\" rel=\"attachment wp-att-333\"><img loading=\"lazy\" decoding=\"async\" class=\"alignnone size-large wp-image-333\" src=\"http:\/\/klokkarvik.no\/wp-content\/uploads\/2016\/01\/Skilt-1024x683.jpg\" alt=\"Skilt\" width=\"1024\" height=\"683\" srcset=\"https:\/\/www.klokkarvik.no\/wp-content\/uploads\/2016\/01\/Skilt-1024x683.jpg 1024w, https:\/\/www.klokkarvik.no\/wp-content\/uploads\/2016\/01\/Skilt-300x200.jpg 300w, https:\/\/www.klokkarvik.no\/wp-content\/uploads\/2016\/01\/Skilt-768x512.jpg 768w, https:\/\/www.klokkarvik.no\/wp-content\/uploads\/2016\/01\/Skilt-272x182.jpg 272w\" sizes=\"auto, (max-width: 1024px) 100vw, 1024px\" \/><\/a><\/p>\n<p style=\"text-align: center;\"><em><strong>Ein finn godt skilta retning til ulike turstier fr\u00e5 ulike bygder<\/strong><\/em><\/p>\n<p style=\"text-align: center;\"><a href=\"http:\/\/klokkarvik.no\/wp-content\/uploads\/2016\/01\/Steingarder.jpg\" rel=\"attachment wp-att-334\"><img loading=\"lazy\" decoding=\"async\" class=\"alignnone size-large wp-image-334\" src=\"http:\/\/klokkarvik.no\/wp-content\/uploads\/2016\/01\/Steingarder-1024x683.jpg\" alt=\"Steingarder\" width=\"1024\" height=\"683\" srcset=\"https:\/\/www.klokkarvik.no\/wp-content\/uploads\/2016\/01\/Steingarder-1024x683.jpg 1024w, https:\/\/www.klokkarvik.no\/wp-content\/uploads\/2016\/01\/Steingarder-300x200.jpg 300w, https:\/\/www.klokkarvik.no\/wp-content\/uploads\/2016\/01\/Steingarder-768x512.jpg 768w, https:\/\/www.klokkarvik.no\/wp-content\/uploads\/2016\/01\/Steingarder-272x182.jpg 272w\" sizes=\"auto, (max-width: 1024px) 100vw, 1024px\" \/><\/a><\/p>\n<p style=\"text-align: center;\"><em><strong>Parti fr\u00e5 steingard ved Storavarden<\/strong><\/em><\/p>\n<p style=\"text-align: center;\"><a href=\"http:\/\/klokkarvik.no\/wp-content\/uploads\/2016\/01\/Steingarder1.jpg\" rel=\"attachment wp-att-335\"><img loading=\"lazy\" decoding=\"async\" class=\"alignnone size-large wp-image-335\" src=\"http:\/\/klokkarvik.no\/wp-content\/uploads\/2016\/01\/Steingarder1-1024x683.jpg\" alt=\"Steingarder1\" width=\"1024\" height=\"683\" srcset=\"https:\/\/www.klokkarvik.no\/wp-content\/uploads\/2016\/01\/Steingarder1-1024x683.jpg 1024w, https:\/\/www.klokkarvik.no\/wp-content\/uploads\/2016\/01\/Steingarder1-300x200.jpg 300w, https:\/\/www.klokkarvik.no\/wp-content\/uploads\/2016\/01\/Steingarder1-768x512.jpg 768w, https:\/\/www.klokkarvik.no\/wp-content\/uploads\/2016\/01\/Steingarder1-272x182.jpg 272w\" sizes=\"auto, (max-width: 1024px) 100vw, 1024px\" \/><\/a><\/p>\n<p style=\"text-align: center;\"><em><strong>Steingard mellom gardane ved Storavarden<\/strong><\/em><\/p>\n<p style=\"text-align: center;\"><a href=\"http:\/\/klokkarvik.no\/wp-content\/uploads\/2016\/01\/Storavarden.jpg\" rel=\"attachment wp-att-336\"><img loading=\"lazy\" decoding=\"async\" class=\"alignnone size-large wp-image-336\" src=\"http:\/\/klokkarvik.no\/wp-content\/uploads\/2016\/01\/Storavarden-683x1024.jpg\" alt=\"Storavarden\" width=\"683\" height=\"1024\" srcset=\"https:\/\/www.klokkarvik.no\/wp-content\/uploads\/2016\/01\/Storavarden-683x1024.jpg 683w, https:\/\/www.klokkarvik.no\/wp-content\/uploads\/2016\/01\/Storavarden-200x300.jpg 200w, https:\/\/www.klokkarvik.no\/wp-content\/uploads\/2016\/01\/Storavarden-768x1152.jpg 768w\" sizes=\"auto, (max-width: 683px) 100vw, 683px\" \/><\/a><\/p>\n<p style=\"text-align: center;\"><em><strong>Storavarden i januarsola<\/strong><\/em><\/p>\n<p style=\"text-align: center;\"><a href=\"http:\/\/klokkarvik.no\/wp-content\/uploads\/2016\/01\/Dei-gamle-steingardane.jpg\" rel=\"attachment wp-att-337\"><img loading=\"lazy\" decoding=\"async\" class=\"alignnone size-large wp-image-337\" src=\"http:\/\/klokkarvik.no\/wp-content\/uploads\/2016\/01\/Dei-gamle-steingardane-1024x683.jpg\" alt=\"Dei-gamle-steingardane\" width=\"1024\" height=\"683\" srcset=\"https:\/\/www.klokkarvik.no\/wp-content\/uploads\/2016\/01\/Dei-gamle-steingardane-1024x683.jpg 1024w, https:\/\/www.klokkarvik.no\/wp-content\/uploads\/2016\/01\/Dei-gamle-steingardane-300x200.jpg 300w, https:\/\/www.klokkarvik.no\/wp-content\/uploads\/2016\/01\/Dei-gamle-steingardane-768x512.jpg 768w, https:\/\/www.klokkarvik.no\/wp-content\/uploads\/2016\/01\/Dei-gamle-steingardane-272x182.jpg 272w\" sizes=\"auto, (max-width: 1024px) 100vw, 1024px\" \/><\/a><\/p>\n<p style=\"text-align: center;\"><em><strong>Harald Norstrand fortel om steingardane.<\/strong><\/em><\/p>\n<p style=\"text-align: center;\"><a href=\"http:\/\/klokkarvik.no\/wp-content\/uploads\/2016\/01\/Utsikt-fr\u00e5-Storavarden-mot-vest.jpg\" rel=\"attachment wp-att-338\"><img loading=\"lazy\" decoding=\"async\" class=\"alignnone size-large wp-image-338\" src=\"http:\/\/klokkarvik.no\/wp-content\/uploads\/2016\/01\/Utsikt-fr\u00e5-Storavarden-mot-vest-1024x683.jpg\" alt=\"Utsikt-fr\u00e5-Storavarden-mot-vest\" width=\"1024\" height=\"683\" srcset=\"https:\/\/www.klokkarvik.no\/wp-content\/uploads\/2016\/01\/Utsikt-fr\u00e5-Storavarden-mot-vest-1024x683.jpg 1024w, https:\/\/www.klokkarvik.no\/wp-content\/uploads\/2016\/01\/Utsikt-fr\u00e5-Storavarden-mot-vest-300x200.jpg 300w, https:\/\/www.klokkarvik.no\/wp-content\/uploads\/2016\/01\/Utsikt-fr\u00e5-Storavarden-mot-vest-768x512.jpg 768w, https:\/\/www.klokkarvik.no\/wp-content\/uploads\/2016\/01\/Utsikt-fr\u00e5-Storavarden-mot-vest-272x182.jpg 272w\" sizes=\"auto, (max-width: 1024px) 100vw, 1024px\" \/><\/a><\/p>\n<p style=\"text-align: center;\"><em><strong>Utsikt mot \u00a0Steinsland, Tofter\u00f8y og Glesnes fr\u00e5 Stora<\/strong><\/em><\/p>\n<p style=\"text-align: center;\">\n<p style=\"text-align: center;\"><a href=\"http:\/\/klokkarvik.no\/wp-content\/uploads\/2016\/01\/Trollavatnet.jpg\" rel=\"attachment wp-att-339\"><img loading=\"lazy\" decoding=\"async\" class=\"alignnone size-large wp-image-339\" src=\"http:\/\/klokkarvik.no\/wp-content\/uploads\/2016\/01\/Trollavatnet-1024x683.jpg\" alt=\"Trollavatnet\" width=\"1024\" height=\"683\" srcset=\"https:\/\/www.klokkarvik.no\/wp-content\/uploads\/2016\/01\/Trollavatnet-1024x683.jpg 1024w, https:\/\/www.klokkarvik.no\/wp-content\/uploads\/2016\/01\/Trollavatnet-300x200.jpg 300w, https:\/\/www.klokkarvik.no\/wp-content\/uploads\/2016\/01\/Trollavatnet-768x512.jpg 768w, https:\/\/www.klokkarvik.no\/wp-content\/uploads\/2016\/01\/Trollavatnet-272x182.jpg 272w\" sizes=\"auto, (max-width: 1024px) 100vw, 1024px\" \/><\/a><\/p>\n<p style=\"text-align: center;\"><em><strong>Trollavatnet<\/strong><\/em><\/p>\n<p style=\"text-align: center;\">\n<p style=\"text-align: center;\"><a href=\"http:\/\/klokkarvik.no\/wp-content\/uploads\/2016\/01\/Trollavatnet-tekst.jpg\" rel=\"attachment wp-att-340\"><img loading=\"lazy\" decoding=\"async\" class=\"alignnone size-large wp-image-340\" src=\"http:\/\/klokkarvik.no\/wp-content\/uploads\/2016\/01\/Trollavatnet-tekst-683x1024.jpg\" alt=\"Trollavatnet-tekst\" width=\"683\" height=\"1024\" srcset=\"https:\/\/www.klokkarvik.no\/wp-content\/uploads\/2016\/01\/Trollavatnet-tekst-683x1024.jpg 683w, https:\/\/www.klokkarvik.no\/wp-content\/uploads\/2016\/01\/Trollavatnet-tekst-200x300.jpg 200w, https:\/\/www.klokkarvik.no\/wp-content\/uploads\/2016\/01\/Trollavatnet-tekst-768x1152.jpg 768w\" sizes=\"auto, (max-width: 683px) 100vw, 683px\" \/><\/a><\/p>\n<p style=\"text-align: center;\"><em><strong>Johannes har m\u00f8tt sj\u00f8lvaste Trollet, eller?<\/strong><\/em><\/p>\n<p style=\"text-align: center;\">\n<p style=\"text-align: center;\">\n<p style=\"text-align: center;\">\n","protected":false},"excerpt":{"rendered":"<p>Me tok oss ein tur til fjells for \u00e5 sj\u00e5 p\u00e5 den nye kikkerten og Lyrakompasset. Les meir under for \u00e5 sj\u00e5 bilder fr\u00e5 turen:<\/p>\n","protected":false},"author":2,"featured_media":0,"comment_status":"closed","ping_status":"closed","sticky":false,"template":"","format":"standard","meta":{"footnotes":""},"categories":[2],"tags":[],"class_list":["post-326","post","type-post","status-publish","format-standard","hentry","category-nyheter"],"publishpress_future_action":{"enabled":false,"date":"2026-05-08 06:09:07","action":"change-status","newStatus":"draft","terms":[],"taxonomy":"category","extraData":[]},"publishpress_future_workflow_manual_trigger":{"enabledWorkflows":[]},"_links":{"self":[{"href":"https:\/\/www.klokkarvik.no\/index.php?rest_route=\/wp\/v2\/posts\/326","targetHints":{"allow":["GET"]}}],"collection":[{"href":"https:\/\/www.klokkarvik.no\/index.php?rest_route=\/wp\/v2\/posts"}],"about":[{"href":"https:\/\/www.klokkarvik.no\/index.php?rest_route=\/wp\/v2\/types\/post"}],"author":[{"embeddable":true,"href":"https:\/\/www.klokkarvik.no\/index.php?rest_route=\/wp\/v2\/users\/2"}],"replies":[{"embeddable":true,"href":"https:\/\/www.klokkarvik.no\/index.php?rest_route=%2Fwp%2Fv2%2Fcomments&post=326"}],"version-history":[{"count":2,"href":"https:\/\/www.klokkarvik.no\/index.php?rest_route=\/wp\/v2\/posts\/326\/revisions"}],"predecessor-version":[{"id":342,"href":"https:\/\/www.klokkarvik.no\/index.php?rest_route=\/wp\/v2\/posts\/326\/revisions\/342"}],"wp:attachment":[{"href":"https:\/\/www.klokkarvik.no\/index.php?rest_route=%2Fwp%2Fv2%2Fmedia&parent=326"}],"wp:term":[{"taxonomy":"category","embeddable":true,"href":"https:\/\/www.klokkarvik.no\/index.php?rest_route=%2Fwp%2Fv2%2Fcategories&post=326"},{"taxonomy":"post_tag","embeddable":true,"href":"https:\/\/www.klokkarvik.no\/index.php?rest_route=%2Fwp%2Fv2%2Ftags&post=326"}],"curies":[{"name":"wp","href":"https:\/\/api.w.org\/{rel}","templated":true}]}}