{"id":1838,"date":"2025-08-26T20:41:21","date_gmt":"2025-08-26T18:41:21","guid":{"rendered":"https:\/\/www.klokkarvik.no\/?p=1838"},"modified":"2025-08-26T20:42:02","modified_gmt":"2025-08-26T18:42:02","slug":"kulturverndagene-31-august-7-september","status":"publish","type":"post","link":"https:\/\/www.klokkarvik.no\/?p=1838","title":{"rendered":"KULTURVERNDAGENE 31. AUGUST \u2013 7. SEPTEMBER"},"content":{"rendered":"<p style=\"text-align: right;\"><a href=\"https:\/\/www.klokkarvik.no\/wp-content\/uploads\/2025\/08\/folkeakademiet-logo.png\"><img loading=\"lazy\" decoding=\"async\" class=\"size-full wp-image-1835 alignnone\" src=\"https:\/\/www.klokkarvik.no\/wp-content\/uploads\/2025\/08\/folkeakademiet-logo.png\" alt=\"logo-folkeakademiet\" width=\"179\" height=\"118\" \/><\/a><\/p>\n<p>Utenom s\u00f8ndagens historiske vandring p\u00e5 Klokkarvik, skjer alle arrangementene p\u00e5<br \/>\nSAFT, gamleskulen p\u00e5 Klokkarvik. Arrangementene er et samarbeid mellom SAFT \u2013<br \/>\nSund aktivitets og fleirbrukstun, Folkeakademiet Klokkarvik, Sund Sogelag og<br \/>\nS\u00d8NDAG\u00a031.\u00a0AUGUST Kl 12.45 \u2013 16.00<br \/>\nOPPM\u00d8TE\u00a0SAFT\/SUND\u00a0SKULE<br \/>\n<strong>\u00abFr\u00e5\u00a0brurabryggja\u00a0til\u00a0kyrkjetrappa\u00bb<\/strong><\/p>\n<p>Ein kulturhistorisk vandring p\u00e5 Klokkarvik<br \/>\nV\u00e5re kunnskapsrike sambygdinger; Jarle S\u00e6lensminde, Knut Eivind Nyg\u00e5rd,<br \/>\nJohannes H\u00f8yland og Gurli Skodvin, tar oss med p\u00e5 en historisk vandring gjennom<br \/>\nKlokkarvik. P\u00e5 turen f\u00e5r du h\u00f8re mange spennende fortellinger om bygda.<br \/>\nVandringen starter i skoleg\u00e5rden p\u00e5 gamleskulen p\u00e5 Klokkarvik;<br \/>\n\u00abSAFT \u2013 Sund aktivitets- og fleirbrukstun\u00bb<br \/>\nTuren avsluttes med kaffe\/te og noe att\u00e5t i kirkekjelleren.<br \/>\nKle deg etter v\u00e6ret.<br \/>\nArrangementet er gratis<\/p>\n<p>MANDAG\u00a001.\u00a0SEPTEMBER: Kl 12.00 \u2013 14.00<br \/>\nOPPM\u00d8TE\u00a0SAFT\/SUND\u00a0SKULE<br \/>\n<strong>\u00abFr\u00e5 husmorvikar til kommunal heimeteneste\u00bb<\/strong><\/p>\n<p>Gudveig Lilleb\u00f8, lokal historieforteller som har bidratt mye innen lokal kulturformidling<br \/>\np\u00e5 Sotra gjennom mange \u00e5r. I Havstrilen 2024, skrev hun om <strong>\u00abBorte bra, men heime<\/strong><br \/>\n<strong>best\u00bb<\/strong>, fr\u00e5 diakoni til kommunale heimetenester i tidlegare Fjell kommune.<br \/>\nDet er nok mange som vil kjenne seg igjen i Gudveigs fortellinger.<br \/>\nDette er et samarbeid med Sund Sogelag (kringle)<br \/>\nServering av kaffe\/te og kringle<br \/>\nArrangementet er gratis<\/p>\n<p>TIRSDAG\u00a002.\u00a0SEPTEMBER Kl 12.00 \u2013 14.00<br \/>\nOPPM\u00d8TE\u00a0SAFT\/SUND\u00a0SKULE<br \/>\n<strong>\u00abArven etter Karia\u00bb<\/strong><br \/>\nBrynhild Enehaug er gift med barnebarnet til Karia, og bor p\u00e5 Klokkarvik. Hun har<br \/>\ngjennom flere \u00e5r samlet skattene etter Karia og skrevet artikkel om henne i<br \/>\nHavstrilen. Brynhild er aktiv i Sund sogelag.<br \/>\nDette er i samarbeid med Sund Sogelag<br \/>\nServering av kaffe\/te og kringle<br \/>\nArrangementet er gratis<\/p>\n<p>ONSDAG\u00a003.\u00a0SEPTEMBER Kl 12.00 \u2013 14.00<br \/>\nOPPM\u00d8TE\u00a0SAFT\/SUND\u00a0SKULE<br \/>\n\u00abSuppe og sang\u00bb<br \/>\n<strong>\u00abDet skjedde p\u00e5 vestsida\u00bb, Hans Lauvik<\/strong><br \/>\nHans Lauvik har skreve boka \u00abDet skjedde p\u00e5 vestsida\u00bb \u2013 sterke historier fra<br \/>\n\u00d8ygarden. Der skriv han om skipsforlis og ulykker fra 1800-tallet og fram til v\u00e5r eiga<br \/>\ntid.<br \/>\nArrangementet koster 60,-<br \/>\nP\u00e5melding her<\/p>\n<p><a href=\"https:\/\/www.klokkarvik.no\/wp-content\/uploads\/2025\/08\/pameld-onsd-03-sept.png\"><img loading=\"lazy\" decoding=\"async\" class=\"alignleft size-full wp-image-1831\" src=\"https:\/\/www.klokkarvik.no\/wp-content\/uploads\/2025\/08\/pameld-onsd-03-sept.png\" alt=\"\" width=\"89\" height=\"88\" \/><\/a><\/p>\n<p>&nbsp;<\/p>\n<p>&nbsp;<\/p>\n<p>FREDAG\u00a005.\u00a0SEPTEMBER kl 18.00 \u2013 22.00<br \/>\nOPPM\u00d8TE\u00a0SAFT\/SUND\u00a0SKULE<br \/>\n<strong>\u00abSprudlende damer med stive pinner\u00bb<\/strong>, Brynhild Enehaug forteller og viser <strong>\u00abSkattene<\/strong><br \/>\n<strong>fra Karias skattekiste\u00bb<\/strong>. Kom \u00e5 la deg bli inspirert og ikke minst imponert over det<br \/>\nfantastiske h\u00e5ndverket til Karia Ulrikke Fredriksdatter B\u00f8rnes.<br \/>\nTa med eget strikket\u00f8y.<br \/>\nArrangementet koster 75,-<\/p>\n<p>P\u00e5melding her<a href=\"https:\/\/www.klokkarvik.no\/wp-content\/uploads\/2025\/08\/kulturvern.png\"><br \/>\n<\/a><\/p>\n<p><a href=\"https:\/\/www.klokkarvik.no\/wp-content\/uploads\/2025\/08\/pameld-fred-05-sept.png\"><img loading=\"lazy\" decoding=\"async\" class=\"alignleft size-full wp-image-1833\" src=\"https:\/\/www.klokkarvik.no\/wp-content\/uploads\/2025\/08\/pameld-fred-05-sept.png\" alt=\"\" width=\"84\" height=\"87\" \/><\/a><\/p>\n","protected":false},"excerpt":{"rendered":"<p>Utenom s\u00f8ndagens historiske vandring p\u00e5 Klokkarvik, skjer alle arrangementene p\u00e5 SAFT, gamleskulen p\u00e5 Klokkarvik. Arrangementene er et samarbeid mellom SAFT \u2013 Sund aktivitets og fleirbrukstun, &hellip; <\/p>\n","protected":false},"author":2,"featured_media":1834,"comment_status":"closed","ping_status":"closed","sticky":false,"template":"","format":"standard","meta":{"footnotes":""},"categories":[2],"tags":[],"class_list":["post-1838","post","type-post","status-publish","format-standard","has-post-thumbnail","hentry","category-nyheter"],"publishpress_future_action":{"enabled":false,"date":"2026-05-07 16:41:09","action":"change-status","newStatus":"draft","terms":[],"taxonomy":"category","extraData":[]},"publishpress_future_workflow_manual_trigger":{"enabledWorkflows":[]},"_links":{"self":[{"href":"https:\/\/www.klokkarvik.no\/index.php?rest_route=\/wp\/v2\/posts\/1838","targetHints":{"allow":["GET"]}}],"collection":[{"href":"https:\/\/www.klokkarvik.no\/index.php?rest_route=\/wp\/v2\/posts"}],"about":[{"href":"https:\/\/www.klokkarvik.no\/index.php?rest_route=\/wp\/v2\/types\/post"}],"author":[{"embeddable":true,"href":"https:\/\/www.klokkarvik.no\/index.php?rest_route=\/wp\/v2\/users\/2"}],"replies":[{"embeddable":true,"href":"https:\/\/www.klokkarvik.no\/index.php?rest_route=%2Fwp%2Fv2%2Fcomments&post=1838"}],"version-history":[{"count":1,"href":"https:\/\/www.klokkarvik.no\/index.php?rest_route=\/wp\/v2\/posts\/1838\/revisions"}],"predecessor-version":[{"id":1839,"href":"https:\/\/www.klokkarvik.no\/index.php?rest_route=\/wp\/v2\/posts\/1838\/revisions\/1839"}],"wp:featuredmedia":[{"embeddable":true,"href":"https:\/\/www.klokkarvik.no\/index.php?rest_route=\/wp\/v2\/media\/1834"}],"wp:attachment":[{"href":"https:\/\/www.klokkarvik.no\/index.php?rest_route=%2Fwp%2Fv2%2Fmedia&parent=1838"}],"wp:term":[{"taxonomy":"category","embeddable":true,"href":"https:\/\/www.klokkarvik.no\/index.php?rest_route=%2Fwp%2Fv2%2Fcategories&post=1838"},{"taxonomy":"post_tag","embeddable":true,"href":"https:\/\/www.klokkarvik.no\/index.php?rest_route=%2Fwp%2Fv2%2Ftags&post=1838"}],"curies":[{"name":"wp","href":"https:\/\/api.w.org\/{rel}","templated":true}]}}